{"id":340,"date":"2013-07-12T12:37:37","date_gmt":"2013-07-12T10:37:37","guid":{"rendered":"http:\/\/artlabor.eyes2k.net\/?p=340"},"modified":"2021-06-16T15:27:46","modified_gmt":"2021-06-16T14:27:46","slug":"einsichten-infolge-kuratorischer-behandlung","status":"publish","type":"post","link":"https:\/\/artlabor.eyes2k.net\/?p=340","title":{"rendered":"Einsichten infolge kuratorischer Behandlung: Archiv vrs. Betrieb"},"content":{"rendered":"<p>Zwei Ausstellungen im M\u00fcnchner <a href=\"http:\/\/www.hausderkunst.de\/\">Haus der Kunst<\/a> sind derzeit anzuschauen, die zun\u00e4chst recht different wirken, auf den zweiten Blick aber konzeptuelle Gemeinsamkeiten im Umgang mit Welt, Kunst, Konzeption, Raum und White Cube offenbaren:<\/p>\n<p>Im Erdgeschoss ist Ivan Kozaric <a href=\"http:\/\/www.hausderkunst.de\/index.php?id=132&amp;no_cache=1&amp;tx_ttnews[tt_news]=6318\">ausgestellt<\/a>, 1921 in Kroatien geboren, im <a href=\"http:\/\/www.hausderkunst.de\/index.php?id=132&amp;no_cache=1&amp;tx_ttnews[tt_news]=6316\">Obergeschoss<\/a> Joelle Tuerlinckx, Jahrgang 1958 aus Br\u00fcssel.<\/p>\n<p>Ivan Kozaric, der in der (westeurop\u00e4isch orientierten) Kunstgeschichte ohne Zweifel als Konzeptk\u00fcnstler mit Anleihen zur Land art und Minimal art eingeordnet werden kann.<\/p>\n<p><img decoding=\"async\" src=\"http:\/\/artlabor.eyes2k.net\/wp-content\/uploads\/2013_Kozaric1.jpg\" alt=\"install_concept\"\/><\/p>\n<p>Joelle Tuerlinckx, die neokonzeptuell auf den Spuren Marcel Brooodthaers die Kraft, Materialit\u00e4t und Formalit\u00e4t des Mediums Ausstellung untersucht.<\/p>\n<p><!--more--><\/p>\n<p><img decoding=\"async\" src=\"http:\/\/artlabor.eyes2k.net\/wp-content\/uploads\/2013_Thuerlinckx1.jpg\" alt=\"install_concept\"\/><\/p>\n<p><img decoding=\"async\" src=\"http:\/\/artlabor.eyes2k.net\/wp-content\/uploads\/2013_Thuerlinckx2.jpg\" alt=\"install_concept\"\/><\/p>\n<p>Im Unterschied ist Folgendes bemerkenswert:<br \/>\nWohingegen es sich bei Kozaric um eine \u00dcbersichtsausstellung (Thema: Freiheit ist ein seltener Vogel) des Oeuvres handelt, deren Material (Zeichnungen, Skulpturen, Interventionen im Stadtraum, Objekte) formal, motivisch oder thematisch sortiert ist und damit Kozaric den Kontext und das Politische entzieht, hat sich Tuerlinckx nicht nehmen lassen, die Dimension des Kuratorischen mitzubehandeln und mit ihren Skulpturen, Objekten, Objet trouves, Filmen, Fotografien und Collagen eine ortspezifische Rauminstallation zu kreieren (Titel: WORLD(K) IN PROGRESS? Im Untertitel: Eine Retrospektive von der K\u00fcnstlerin selbst). Gro\u00dfartig die Treppenh\u00e4user: &#8222;Espace Barr\u00e9&#8220;, der ausgestrichene Raum zu Beginn der Ausstellung, &#8222;Atlas of Walls 1:1&#8220;, das mit nummerierten Papierb\u00f6gen ausgefaltete Treppenhaus Ost inklusive textlicher Beschreibungen der Objekte und das Treppenhaus West, das eine ver\u00e4nderliche Lichtintensit\u00e4t inszeniert.<\/p>\n<p><img decoding=\"async\" src=\"http:\/\/artlabor.eyes2k.net\/wp-content\/uploads\/2013_Thuerlinckx3.jpg\" alt=\"install_concept\"\/><\/p>\n<p><img decoding=\"async\" src=\"http:\/\/artlabor.eyes2k.net\/wp-content\/uploads\/2013_Thuerlinckx4.jpg\" alt=\"install_concept\"\/><\/p>\n<p>Die drei Treppenhaus-Arbeiten machen Lust, mehr vom Haus zu entdecken:<\/p>\n<p><img decoding=\"async\" src=\"http:\/\/artlabor.eyes2k.net\/wp-content\/uploads\/2013_HdK.jpg\" alt=\"install_concept\"\/><\/p>\n<p>Zwei wunderbare k\u00fcnstlerische Positionen, die eine infolge kuratorischer Behandlung blutleer, die andere ein Feuerwerk&#8230;<\/p>\n<p>Kozaric bis 22.9.2013, weitere Abbildungen ueber <a href=\"http:\/\/www.hausderkunst.de\/index.php?id=132&amp;no_cache=1&amp;tx_ttnews[tt_news]=6318\">http:\/\/www.hausderkunst.de\/index.php?id=132&amp;no_cache=1&amp;tx_ttnews[tt_news]=6318<\/a><br \/>\nTuerlinckx bis 29.9.2013, weitere Abbildungen ueber <a href=\"http:\/\/www.hausderkunst.de\/index.php?id=132&amp;no_cache=1&amp;tx_ttnews[tt_news]=6316\">http:\/\/www.hausderkunst.de\/index.php?id=132&amp;no_cache=1&amp;tx_ttnews[tt_news]=6316<\/a><\/p>\n<p><img loading=\"lazy\" decoding=\"async\" src=\"https:\/\/vg07.met.vgwort.de\/na\/02dfac05d9944dd8ab00405d4d04cf51\" width=\"1\" height=\"1\" alt=\"\"\/><\/p>\n","protected":false},"excerpt":{"rendered":"<p>Zwei Ausstellungen im M\u00fcnchner Haus der Kunst sind derzeit anzuschauen, die zun\u00e4chst recht different wirken, auf den zweiten Blick aber konzeptuelle Gemeinsamkeiten im Umgang mit Welt, Kunst, Konzeption, Raum und White Cube offenbaren: Im Erdgeschoss ist Ivan Kozaric ausgestellt, 1921 in Kroatien geboren, im Obergeschoss Joelle Tuerlinckx, Jahrgang 1958 aus Br\u00fcssel. Ivan Kozaric, der in &hellip; <a href=\"https:\/\/artlabor.eyes2k.net\/?p=340\" class=\"more-link\"><span class=\"screen-reader-text\">Einsichten infolge kuratorischer Behandlung: Archiv vrs. Betrieb<\/span> weiterlesen <span class=\"meta-nav\">&rarr;<\/span><\/a><\/p>\n","protected":false},"author":4,"featured_media":0,"comment_status":"open","ping_status":"open","sticky":false,"template":"","format":"standard","meta":{"footnotes":""},"categories":[1,5,3,4],"tags":[94,96,95,97],"class_list":["post-340","post","type-post","status-publish","format-standard","hentry","category-artallgemein","category-artcollect","category-artist","category-artservice","tag-haus-der-kunst","tag-kozaric","tag-munchen","tag-tuerlinckx"],"_links":{"self":[{"href":"https:\/\/artlabor.eyes2k.net\/index.php?rest_route=\/wp\/v2\/posts\/340","targetHints":{"allow":["GET"]}}],"collection":[{"href":"https:\/\/artlabor.eyes2k.net\/index.php?rest_route=\/wp\/v2\/posts"}],"about":[{"href":"https:\/\/artlabor.eyes2k.net\/index.php?rest_route=\/wp\/v2\/types\/post"}],"author":[{"embeddable":true,"href":"https:\/\/artlabor.eyes2k.net\/index.php?rest_route=\/wp\/v2\/users\/4"}],"replies":[{"embeddable":true,"href":"https:\/\/artlabor.eyes2k.net\/index.php?rest_route=%2Fwp%2Fv2%2Fcomments&post=340"}],"version-history":[{"count":18,"href":"https:\/\/artlabor.eyes2k.net\/index.php?rest_route=\/wp\/v2\/posts\/340\/revisions"}],"predecessor-version":[{"id":3657,"href":"https:\/\/artlabor.eyes2k.net\/index.php?rest_route=\/wp\/v2\/posts\/340\/revisions\/3657"}],"wp:attachment":[{"href":"https:\/\/artlabor.eyes2k.net\/index.php?rest_route=%2Fwp%2Fv2%2Fmedia&parent=340"}],"wp:term":[{"taxonomy":"category","embeddable":true,"href":"https:\/\/artlabor.eyes2k.net\/index.php?rest_route=%2Fwp%2Fv2%2Fcategories&post=340"},{"taxonomy":"post_tag","embeddable":true,"href":"https:\/\/artlabor.eyes2k.net\/index.php?rest_route=%2Fwp%2Fv2%2Ftags&post=340"}],"curies":[{"name":"wp","href":"https:\/\/api.w.org\/{rel}","templated":true}]}}