{"id":2733,"date":"2017-11-08T14:55:02","date_gmt":"2017-11-08T13:55:02","guid":{"rendered":"http:\/\/artlabor.eyes2k.net\/?p=2733"},"modified":"2021-06-16T14:10:27","modified_gmt":"2021-06-16T13:10:27","slug":"das-reenactment-eines-enactments-der-sturm-auf-den-reichstag-2017","status":"publish","type":"post","link":"https:\/\/artlabor.eyes2k.net\/?p=2733","title":{"rendered":"Das Reenactment eines Enactments: Der Sturm auf den Reichstag 2017"},"content":{"rendered":"<p>Teil 2 des Gastspiels <a href=\"https:\/\/de.wikipedia.org\/wiki\/Milo_Rau\">Milo Raus<\/a> in Berlin startete am 7. November 2017 um 15 Uhr auf der Wiese vor dem Bundestag.<\/p>\n<p><a href=\"http:\/\/artlabor.eyes2k.net\/wp-admin\/post.php?post=2714&amp;action=edit\">Nachdem<\/a> vom 3. bis 5.11.2017 in der Berliner <a href=\"https:\/\/www.schaubuehne.de\">Schaub\u00fchne<\/a> das \u201e<a href=\"http:\/\/www.general-assembly.net\">erste Weltparlament der Menschheitsgeschichte<\/a>\u201c tagte, <a href=\"http:\/\/www.general-assembly.net\/abgeordnete\/\">70 Abgeordente<\/a> aus 20 L\u00e4ndern zu Kriegen, Sanktionen, Migration, Drohnen, Klimasch\u00e4den, Grenzregimen, Landgrabbing, Korruption, Genoziden, Kolonialfolgen, \u00dcberwachungssoftware, Ged\u00e4chtnispolitiken, Naturparks, Freihandel, genver\u00e4nderten Maissorten und Antinatalismus <a href=\"http:\/\/www.general-assembly.net\/tagesordnung\/\">vortrugen<\/a> und \u00fcber 15 Antr\u00e4ge abstimmten, die Teil der \u201e<a href=\"http:\/\/www.general-assembly.net\/charta-fur-das-21-jahrhundert\/\">Charta f\u00fcr das 21. Jahrhundert<\/a>\u201c werden sollen, sollte am 7. November 2017, 100 Jahre nach der Einnahme des <a href=\"https:\/\/de.wikipedia.org\/wiki\/Winterpalast\">Winterpalasts, Sitz der russischen Zaren in St. Petersburg<\/a>, der \u201e<a href=\"http:\/\/www.general-assembly.net\/sturm-auf-den-reichstag\/\">Sturm auf den Reichstag<\/a>\u201c stattfinden.<\/p>\n<p><img loading=\"lazy\" decoding=\"async\" class=\"alignnone size-full wp-image-2735\" src=\"http:\/\/artlabor.eyes2k.net\/wp-content\/uploads\/MiloRau_VormReichstag1.jpg\" alt=\"\" width=\"600\" height=\"337\"\/><\/p>\n<p><!--more--><\/p>\n<p>Wer annahm, dass hier eine politische Aktion stattfinden sollte, indem das Berliner <a href=\"https:\/\/de.wikipedia.org\/wiki\/Reichstagsgeb\u00e4ude\">Reichstagsgeb\u00e4ude<\/a> gest\u00fcrmt, Rechte eingefordert und ggf., wie anf\u00e4nglich wohl auch <a href=\"http:\/\/www.general-assembly.net\/charta-fur-das-21-jahrhundert\/\">geplant<\/a>, den Bundestagsabgeordneten die \u201eCharta f\u00fcr das 21. Jahrhundert\u201c \u00fcbergeben w\u00fcrde, damit wom\u00f6glich wie vor 100 Jahren ein Paradigmenwechsel in Gang gesetzt werden k\u00f6nne, musste entt\u00e4uscht sein: Knapp 200 Interessierte waren dem Aufruf gefolgt und fanden sich auf der Wiese vor dem Bundestag, genau genommen an der westlichen Flanke der Wiese (Heinrich-von-Gagern-Stra\u00dfe) mit mehr als einhundert Metern Abstand zum Bundestagsgeb\u00e4ude, ein, versammelten sich um einen mit wei\u00df-roten Plakaten beklebten Kleintransporter (\u201eDemokratie f\u00fcr alle und alles\u201c) , verstanden aufgrund schlechter Tonqualit\u00e4t zun\u00e4chst erst einmal nichts, h\u00f6rten dann Milo Raus Zusammenfassung der &#8222;<a href=\"http:\/\/www.general-assembly.net\">Generalversammlung<\/a>&#8220; am Wochenende zuvor und die Aussicht auf eine \u201eCharta f\u00fcr das 21. Jahrhunderts\u201c in etwa zwei Wochen, vernahmen die Reden einiger Abgeordneter der Generalversammlung und erfuhren nach etwa einer Stunde, dass der &#8222;Sturm auf den Reichstag&#8220; ab Mitte der Wiese bis zum Absperrzaun vor dem Reichstag stattf\u00e4nde und man sich abschlie\u00dfend hier wieder zu einem Konzert einfinden w\u00fcrde.<\/p>\n<p><img loading=\"lazy\" decoding=\"async\" class=\"alignnone size-full wp-image-2741\" src=\"http:\/\/artlabor.eyes2k.net\/wp-content\/uploads\/MiloRau_VormReichstag2.jpg\" alt=\"\" width=\"600\" height=\"337\"\/><\/p>\n<p>Idee und Ziel des &#8222;Sturms auf den Reichstag&#8220; war demnach weniger eine (politische oder soziale) Aktion mit In-situ-Potential, die bildlich dokumentiert w\u00fcrde, sondern hier sollte die repr\u00e4sentative Dokumentation das Ergebnis sein, die die In-situ-Aktion als Bildmaterial ben\u00f6tigte. Gleiches Verfahren fand vor genau 97 Jahren statt, als der russische Theaterregisseur und -theoretiker <a href=\"https:\/\/en.wikipedia.org\/wiki\/Nikolai_Evreinov\">Nikolaj Evreinov<\/a> 1920 den Auftrag erhielt, zum 3. Jahrestag der <a href=\"https:\/\/de.wikipedia.org\/wiki\/Oktoberrevolution\">Oktoberrevolution<\/a> die Einnahme des Winterpalais nachzustellen. Der <a href=\"https:\/\/de.wikipedia.org\/wiki\/Winterpalast\">Winterpalast<\/a>, der als Sitz der Regierung unter <a href=\"https:\/\/de.wikipedia.org\/wiki\/Alexander_Fjodorowitsch_Kerenski\">Ministerpr\u00e4sident Kerensky<\/a> diente (heute u. a. Sitz der Museumssammlung&nbsp;<a href=\"https:\/\/de.wikipedia.org\/wiki\/Eremitage_(Sankt_Petersburg)\">Eremitage<\/a>), wurde in der Nacht zum 7. November 1917 von milit\u00e4rischen Truppen der <a href=\"https:\/\/de.wikipedia.org\/wiki\/Bolschewiki\">Bolschewiki<\/a> um <a href=\"https:\/\/de.wikipedia.org\/wiki\/Leo_Trotzki\">Trotzki<\/a>, <a href=\"https:\/\/de.wikipedia.org\/wiki\/Felix_Edmundowitsch_Dserschinski\">Dserschinski<\/a> und <a href=\"https:\/\/de.wikipedia.org\/wiki\/Josef_Stalin\">Stalin<\/a> reibungslos und unblutig <a href=\"https:\/\/de.wikipedia.org\/wiki\/Oktoberrevolution\">eingenommen<\/a>, die Wachen legten ohne Widerstand ihre Waffen nieder, Kerenski floh, die anderen Regierungsmitglieder erkl\u00e4rten schriftlich, sich aus der Politik zur\u00fcckzuziehen und die Regierungsgesch\u00e4fte wurden bereits um f\u00fcnf Uhr morgens von den Bolschewiki unter F\u00fchrung von <a href=\"https:\/\/de.wikipedia.org\/wiki\/Wladimir_Iljitsch_Lenin\">Wladimir Iljitsch Lenin<\/a> \u00fcbernommen. Evreinov verlegte f\u00fcr sein Enactement drei Jahre sp\u00e4ter die Einnahme des Regierungssitzes in den helllichten Tag, in eine dynamische und spektakul\u00e4re Gruppenatmosph\u00e4re sowie zentral vor das Geb\u00e4ude, obwohl der Haupteingang am linken Ende der Fassade lag. Mit 10.000 Mitwirkenden wurde hier <a href=\"https:\/\/en.wikipedia.org\/wiki\/The_Storming_of_the_Winter_Palace\">eine mehrst\u00fcndige Aktion theatral in Szene gesetzt<\/a> und inhaltlich als \u201eSturm\u201c inszeniert und medialisiert, der ein revolution\u00e4res Moment statt einen Putsch einiger Weniger verbildlichte. Aus der einen Fotografie des Theaterereignisses wurde durch die Publikationspolitiken in Schulb\u00fcchern, Zeitungsreportagen und Ausstellungen ein historisches Dokument, das mit <a href=\"https:\/\/de.wikipedia.org\/wiki\/Sergei_Michailowitsch_Eisenstein\">Eisensteins<\/a> Spielfilm \u201e<a href=\"https:\/\/de.wikipedia.org\/wiki\/Oktober_(Film)\">Oktober. Zehn Tage, die die Welt ersch\u00fcttern<\/a>\u201c, mit Musik von <a href=\"https:\/\/de.wikipedia.org\/wiki\/Dmitri_Dmitrijewitsch_Schostakowitsch\">Schostakowitsch<\/a> 1928 &nbsp;zum bildlichen Gr\u00fcndungsmythos der Sozialistischen Oktoberrevolution von 1917 werden sollte.<\/p>\n<p><img loading=\"lazy\" decoding=\"async\" class=\"alignnone size-full wp-image-2737 aligncenter\" src=\"http:\/\/artlabor.eyes2k.net\/wp-content\/uploads\/1920_SturmaufWinterpalast.jpg\" alt=\"\" width=\"461\" height=\"343\"\/><\/p>\n<p>W\u00e4hrend die Oktoberrevolution mit einem Schuss aus dem <a href=\"https:\/\/de.wikipedia.org\/wiki\/Aurora_(Schiff,_1900)\">Panzerkreuzer Aurora <\/a>startete, begann der Sturm &nbsp;auf der Wiese vor dem Bundestag mit \u201eone, two, run\u201c. Die etwa 200 Beteiligten, mit Fahnen und Plakaten ausgestattet und von Rau zu einem schmalen Keil choreografiert, liefen in, \u00fcber und an Film- und Fotokameras vorbei und stoppten ihren Lauf laut jubelnd vor den Absperrgittern des Bundestagsgeb\u00e4udes. \u201eKomm wir machen mit, das macht doch Spa\u00df, mal \u00fcber die Wiese zu rennen\u201c, war als ein Motiv f\u00fcr die Aktion zu h\u00f6ren, aus dem sp\u00e4ter repr\u00e4sentationales Material entstehen wird, dessen Ergebnis noch unbekannt ist, dem aber&nbsp;die Dekonstruktion von Geschichte bereits &nbsp;\u00fcber das Reenactment eingeschrieben ist.<\/p>\n<p><img loading=\"lazy\" decoding=\"async\" class=\"alignnone size-full wp-image-2738\" src=\"http:\/\/artlabor.eyes2k.net\/wp-content\/uploads\/MiloRau_SturmAufReichstag2.jpg\" alt=\"\" width=\"600\" height=\"337\"\/><\/p>\n<p><img loading=\"lazy\" decoding=\"async\" src=\"https:\/\/vg07.met.vgwort.de\/na\/8cecbd19f3b04bc48052734bc93b91b3\" width=\"1\" height=\"1\" alt=\"\"\/><\/p>\n","protected":false},"excerpt":{"rendered":"<p>Teil 2 des Gastspiels Milo Raus in Berlin startete am 7. November 2017 um 15 Uhr auf der Wiese vor dem Bundestag. Nachdem vom 3. bis 5.11.2017 in der Berliner Schaub\u00fchne das \u201eerste Weltparlament der Menschheitsgeschichte\u201c tagte, 70 Abgeordente aus 20 L\u00e4ndern zu Kriegen, Sanktionen, Migration, Drohnen, Klimasch\u00e4den, Grenzregimen, Landgrabbing, Korruption, Genoziden, Kolonialfolgen, \u00dcberwachungssoftware, Ged\u00e4chtnispolitiken, &hellip; <a href=\"https:\/\/artlabor.eyes2k.net\/?p=2733\" class=\"more-link\"><span class=\"screen-reader-text\">Das Reenactment eines Enactments: Der Sturm auf den Reichstag 2017<\/span> weiterlesen <span class=\"meta-nav\">&rarr;<\/span><\/a><\/p>\n","protected":false},"author":4,"featured_media":0,"comment_status":"open","ping_status":"open","sticky":false,"template":"","format":"standard","meta":{"footnotes":""},"categories":[1,2,4],"tags":[404,88,405,401,400],"class_list":["post-2733","post","type-post","status-publish","format-standard","hentry","category-artallgemein","category-artfreiheit","category-artservice","tag-evreinov","tag-milo-rau","tag-oktoberrevolution","tag-sturm-auf-den-reichstag","tag-sturm-auf-den-winterpalast"],"_links":{"self":[{"href":"https:\/\/artlabor.eyes2k.net\/index.php?rest_route=\/wp\/v2\/posts\/2733","targetHints":{"allow":["GET"]}}],"collection":[{"href":"https:\/\/artlabor.eyes2k.net\/index.php?rest_route=\/wp\/v2\/posts"}],"about":[{"href":"https:\/\/artlabor.eyes2k.net\/index.php?rest_route=\/wp\/v2\/types\/post"}],"author":[{"embeddable":true,"href":"https:\/\/artlabor.eyes2k.net\/index.php?rest_route=\/wp\/v2\/users\/4"}],"replies":[{"embeddable":true,"href":"https:\/\/artlabor.eyes2k.net\/index.php?rest_route=%2Fwp%2Fv2%2Fcomments&post=2733"}],"version-history":[{"count":11,"href":"https:\/\/artlabor.eyes2k.net\/index.php?rest_route=\/wp\/v2\/posts\/2733\/revisions"}],"predecessor-version":[{"id":3574,"href":"https:\/\/artlabor.eyes2k.net\/index.php?rest_route=\/wp\/v2\/posts\/2733\/revisions\/3574"}],"wp:attachment":[{"href":"https:\/\/artlabor.eyes2k.net\/index.php?rest_route=%2Fwp%2Fv2%2Fmedia&parent=2733"}],"wp:term":[{"taxonomy":"category","embeddable":true,"href":"https:\/\/artlabor.eyes2k.net\/index.php?rest_route=%2Fwp%2Fv2%2Fcategories&post=2733"},{"taxonomy":"post_tag","embeddable":true,"href":"https:\/\/artlabor.eyes2k.net\/index.php?rest_route=%2Fwp%2Fv2%2Ftags&post=2733"}],"curies":[{"name":"wp","href":"https:\/\/api.w.org\/{rel}","templated":true}]}}