{"id":2592,"date":"2017-10-01T20:43:00","date_gmt":"2017-10-01T19:43:00","guid":{"rendered":"http:\/\/artlabor.eyes2k.net\/?p=2592"},"modified":"2020-03-17T18:30:48","modified_gmt":"2020-03-17T17:30:48","slug":"die-raeumung-der-volksbuehne","status":"publish","type":"post","link":"https:\/\/artlabor.eyes2k.net\/?p=2592","title":{"rendered":"Die R\u00e4umung der Volksb\u00fchne"},"content":{"rendered":"<p>Am 28.9.2017 wurde nachmittags auf Wunsch des Intendanten der Volksb\u00fchne Chris Dercon die\u00a0R\u00e4umung der besetzten Volksb\u00fchne durch die Polizei Berlin vorgenommen.<\/p>\n<p><a href=\"https:\/\/nachtkritik.de\/index.php?option=com_content&amp;view=article&amp;id=14425:volksbuehne-berlin-von-aktivisten-besetzt&amp;catid=126&amp;Itemid=100089\">Informationen<\/a> zum Verlauf der sieben t\u00e4gigen Besetzung<\/p>\n<p><a href=\"https:\/\/nachtkritik.de\/index.php?option=com_content&amp;view=article&amp;id=14447:zur-raeumung-der-berliner-volksbuehne&amp;catid=101:debatte&amp;Itemid=84#comment-69939\"> Presseschau<\/a>\u00a0Stand 28.9.2017<\/p>\n<p><img loading=\"lazy\" decoding=\"async\" class=\"alignnone size-full wp-image-2593\" src=\"http:\/\/artlabor.eyes2k.net\/wp-content\/uploads\/GeraeumteVolksbuehne1.jpg\" alt=\"\" width=\"600\" height=\"450\" \/><\/p>\n<p><!--more--><\/p>\n<p><strong>Weitere Informationen zur Besetzung:<\/strong><\/p>\n<p>Initiator: <a href=\"https:\/\/b6112.de\">Glitzer zu Staub<\/a>, \u00a0facebook: VB61-12<\/p>\n<p>Zeit: 22.9. bis 28.9.2017<\/p>\n<p>Ort: Sternfoyer, Treppenhaus, Roter Salon der Volksb\u00fchne Berlin<\/p>\n<p><img loading=\"lazy\" decoding=\"async\" class=\"alignnone size-full wp-image-2594\" src=\"http:\/\/artlabor.eyes2k.net\/wp-content\/uploads\/GeraeumteVolksbuehne2.jpg\" alt=\"\" width=\"600\" height=\"450\" \/><\/p>\n<p><img loading=\"lazy\" decoding=\"async\" class=\"alignnone size-full wp-image-2595\" src=\"http:\/\/artlabor.eyes2k.net\/wp-content\/uploads\/GeraeumteVolksbuehne3.jpg\" alt=\"\" width=\"600\" height=\"450\" \/><\/p>\n<p><a href=\"https:\/\/b6112.de\/outside-the-bomb\/\">Selbstgew\u00e4hlter Untertitel<\/a>: \u201eKunstperformance und Soziale Plastik\u201c<\/p>\n<p><a href=\"https:\/\/b6112.de\/2017\/09\/29\/press-release-transmedia-theater-project-b61-12\/\">Thema<\/a>: \u201eTo whom does the city belong? What conditions do we want to work, live and act in? How can we defend our vision of a city in which all people flourish peacefully in equitable living conditions?\u201c\u00a0\u201eThe Volksb\u00fchne stands for solidarity, communal production, and the advancement of free, creative work.\u201c\u00a0\u201eThe Volksb\u00fchne is the new center of anti-gentrification. People who stand under the threat of displacement, or have already been displaced, will find here an informed community that will support their resistance. We reject all forms of violence and militance. The Volksb\u00fchne is a peaceful place for discussion and a peaceful place for arguments, a place for dissensus and congress.\u201c<\/p>\n<p>Vorbereitung: 9 Monate<\/p>\n<p>t\u00e4glich 14h Vollversammlung<\/p>\n<p><a href=\"https:\/\/b6112.de\/2017\/09\/22\/unterstuetzerinnenliste-der-transmedialen-theaterinszenierung\">Unterst\u00fctzerInnen<\/a>\u00a0&gt;&gt;<\/p>\n<p><img loading=\"lazy\" decoding=\"async\" class=\"alignnone size-full wp-image-2596\" src=\"http:\/\/artlabor.eyes2k.net\/wp-content\/uploads\/GeraeumteVolksbuehne4.jpg\" alt=\"\" width=\"600\" height=\"450\" \/><\/p>\n","protected":false},"excerpt":{"rendered":"<p>Am 28.9.2017 wurde nachmittags auf Wunsch des Intendanten der Volksb\u00fchne Chris Dercon die\u00a0R\u00e4umung der besetzten Volksb\u00fchne durch die Polizei Berlin vorgenommen. Informationen zum Verlauf der sieben t\u00e4gigen Besetzung Presseschau\u00a0Stand 28.9.2017<\/p>\n","protected":false},"author":4,"featured_media":0,"comment_status":"open","ping_status":"open","sticky":false,"template":"","format":"standard","meta":{"footnotes":""},"categories":[1,2,6,4],"tags":[65,324,326,327,166],"class_list":["post-2592","post","type-post","status-publish","format-standard","hentry","category-artallgemein","category-artfreiheit","category-artordnung","category-artservice","tag-berlin","tag-besetzung","tag-chris-dercon","tag-raeumung","tag-volksbuehne"],"_links":{"self":[{"href":"https:\/\/artlabor.eyes2k.net\/index.php?rest_route=\/wp\/v2\/posts\/2592","targetHints":{"allow":["GET"]}}],"collection":[{"href":"https:\/\/artlabor.eyes2k.net\/index.php?rest_route=\/wp\/v2\/posts"}],"about":[{"href":"https:\/\/artlabor.eyes2k.net\/index.php?rest_route=\/wp\/v2\/types\/post"}],"author":[{"embeddable":true,"href":"https:\/\/artlabor.eyes2k.net\/index.php?rest_route=\/wp\/v2\/users\/4"}],"replies":[{"embeddable":true,"href":"https:\/\/artlabor.eyes2k.net\/index.php?rest_route=%2Fwp%2Fv2%2Fcomments&post=2592"}],"version-history":[{"count":4,"href":"https:\/\/artlabor.eyes2k.net\/index.php?rest_route=\/wp\/v2\/posts\/2592\/revisions"}],"predecessor-version":[{"id":3221,"href":"https:\/\/artlabor.eyes2k.net\/index.php?rest_route=\/wp\/v2\/posts\/2592\/revisions\/3221"}],"wp:attachment":[{"href":"https:\/\/artlabor.eyes2k.net\/index.php?rest_route=%2Fwp%2Fv2%2Fmedia&parent=2592"}],"wp:term":[{"taxonomy":"category","embeddable":true,"href":"https:\/\/artlabor.eyes2k.net\/index.php?rest_route=%2Fwp%2Fv2%2Fcategories&post=2592"},{"taxonomy":"post_tag","embeddable":true,"href":"https:\/\/artlabor.eyes2k.net\/index.php?rest_route=%2Fwp%2Fv2%2Ftags&post=2592"}],"curies":[{"name":"wp","href":"https:\/\/api.w.org\/{rel}","templated":true}]}}