{"id":227,"date":"2010-09-28T17:51:08","date_gmt":"2010-09-28T15:51:08","guid":{"rendered":"http:\/\/artlabor.eyes2k.net\/?p=227"},"modified":"2021-06-16T15:38:43","modified_gmt":"2021-06-16T14:38:43","slug":"re-designing-the-world","status":"publish","type":"post","link":"https:\/\/artlabor.eyes2k.net\/?p=227","title":{"rendered":"Re-Designing the World&#8230;"},"content":{"rendered":"<p>Zeitgleich zur gelebten Demokratie im Rahmen von <a href=\"http:\/\/de.wikipedia.org\/wiki\/Stuttgart_21\">Stuttgart 21<\/a> er\u00f6ffnete der W\u00fcrttembergische Kunstverein Stuttgart am Schlossplatz, wenige Minuten vom Stuttgarter Hauptbahnhof entfernt, die <a href=\"http:\/\/www.wkv-stuttgart.de\/programm\/2010\/ausstellungen\/re-designing-the-east\/\">Ausstellung<\/a> &#8222;Re-Designing the East. Politisches Design in Asien und Europa&#8220; (bis 9.1.2011).<\/p>\n<p>In 6 r\u00e4umlich fokussierten und thematisch ausgerichteten <a href=\"http:\/\/www.wkv-stuttgart.de\/programm\/2010\/ausstellungen\/re-designing-the-east\/ausstellung\/\">Sektionen<\/a>, sortiert nach 6 L\u00e4ndern, 3 osteurop\u00e4ische (Ungarn, Polen, Tschechien) und 2 (s\u00fcd-ost-)asiatische (Thailand und S\u00fcdkorea) sowie Indien wird die Beteiligung von Designpraktiken an den Prozessen politischer Bedeutungsproduktion seit den 80er Jahren sichtbar gemacht.<\/p>\n<p><img decoding=\"async\" src=\"http:\/\/artlabor.eyes2k.net\/wp-content\/uploads\/2010_ReDesign_WKV3.jpg\" alt=\"install_concept\"\/><\/p>\n<p><!--more--><\/p>\n<p>Als Untersuchungs- und Belegmaterial dienen Visualisierungen wie Plakate, Logos, Videos, Comics, Zeichnungen, Diagramme&#8230;, die Bedeutung herstellen und damit die politischen Meinungsbildungs- und Aneignungsprozesse, die Best\u00e4tigungs- und Widerstandsereignisse mit-\/konstituieren.<\/p>\n<p><img decoding=\"async\" src=\"http:\/\/artlabor.eyes2k.net\/wp-content\/uploads\/2010_ReDesign_WKV4.jpg\" alt=\"install_concept\"\/><\/p>\n<p>Einige Beispiele:<br \/>\nder Aufruf der Boykottierung von Wahlen (Thailand),<br \/>\ndie visuelle Implementierung Tibets in die Weltkarte exemplarisch f\u00fcr die Kommunikation sozialer, humanit\u00e4rer oder \u00f6kologischer Projekte auf Copyleft-Basis durch den nicht-kommerziellen Zusammenschluss <a href=\"http:\/\/www.designandpeople.org\/\">design&amp;people<\/a>,<br \/>\ndas Re-Design von Land durch Kartierungstechnologien wie Google, Naver oder Daum am Beispiel des s\u00fcdkoreanischen Ortes <a href=\"http:\/\/www.daechuri.blogspot.com\/\">Daechu-ri<\/a> oder auch<br \/>\ndas Re-Design von Events wie im Fall der j\u00fcngst 2010 versunkenen Fregatte <a href=\"http:\/\/de.wikipedia.org\/wiki\/Cheonan_(PCC-772)\">Cheonan<\/a>.<br \/>\nHervorragend kuratiert sind die Sektionen Indien (durch Sethu Das), Thailand (durch Keiko Sei) und S\u00fcdkorea (durch Nathalie Boseul Shin).<\/p>\n<p><img decoding=\"async\" src=\"http:\/\/artlabor.eyes2k.net\/wp-content\/uploads\/2010_ReDesign_WKV2.jpg\" alt=\"install_concept\"\/><\/p>\n<p>Design, vielleicht w\u00e4re hier der Begriff der Visualisierung besser geeignet (?), wird somit als konstituierender Bestandteil von Gestaltung nicht nur auf der Bildebene definiert, sondern ebenso als Mit-\/Neu-\/Retro-Gestaltung soziopolitischer Figurationen.<\/p>\n<p><img decoding=\"async\" src=\"http:\/\/artlabor.eyes2k.net\/wp-content\/uploads\/2010_ReDesign_WKV1.jpg\" alt=\"install_concept\"\/><\/p>\n<p>Aus: pracha suveeranont, language of the others, vernacular thai and designer&#8217;s identity<\/p>\n<p>Die Einzelsektionen, kuratiert von 6 Kuratoren der jeweiligen L\u00e4nder, liefern mit ihren Visualisierungen, Informationstafeln auf deutsch und englisch sowie den A4-Handouts umfangreiche Informationen zu L\u00e4ndern, Personen, Geschichten, Historien, Ereignissen etc., so dass nach anf\u00e4nglich gef\u00fchlter \u00dcberkomplexit\u00e4t die eindrucksvolle Ausstellungsarchitektur sinnvolle Systematisierungen und Strukturierungen bietet.<\/p>\n<p>Unbedingt zu empfehlen!<\/p>\n<p><img loading=\"lazy\" decoding=\"async\" src=\"https:\/\/vg07.met.vgwort.de\/na\/e702981dad424cc4b51df1fc8e08ec37\" width=\"1\" height=\"1\" alt=\"\"\/><\/p>\n","protected":false},"excerpt":{"rendered":"<p>Zeitgleich zur gelebten Demokratie im Rahmen von Stuttgart 21 er\u00f6ffnete der W\u00fcrttembergische Kunstverein Stuttgart am Schlossplatz, wenige Minuten vom Stuttgarter Hauptbahnhof entfernt, die Ausstellung &#8222;Re-Designing the East. Politisches Design in Asien und Europa&#8220; (bis 9.1.2011). In 6 r\u00e4umlich fokussierten und thematisch ausgerichteten Sektionen, sortiert nach 6 L\u00e4ndern, 3 osteurop\u00e4ische (Ungarn, Polen, Tschechien) und 2 (s\u00fcd-ost-)asiatische &hellip; <a href=\"https:\/\/artlabor.eyes2k.net\/?p=227\" class=\"more-link\"><span class=\"screen-reader-text\">Re-Designing the World&#8230;<\/span> weiterlesen <span class=\"meta-nav\">&rarr;<\/span><\/a><\/p>\n","protected":false},"author":4,"featured_media":0,"comment_status":"open","ping_status":"open","sticky":false,"template":"","format":"standard","meta":{"footnotes":""},"categories":[1,3,6],"tags":[60,62,61],"class_list":["post-227","post","type-post","status-publish","format-standard","hentry","category-artallgemein","category-artist","category-artordnung","tag-re-designing","tag-stuttgart","tag-wkk"],"_links":{"self":[{"href":"https:\/\/artlabor.eyes2k.net\/index.php?rest_route=\/wp\/v2\/posts\/227","targetHints":{"allow":["GET"]}}],"collection":[{"href":"https:\/\/artlabor.eyes2k.net\/index.php?rest_route=\/wp\/v2\/posts"}],"about":[{"href":"https:\/\/artlabor.eyes2k.net\/index.php?rest_route=\/wp\/v2\/types\/post"}],"author":[{"embeddable":true,"href":"https:\/\/artlabor.eyes2k.net\/index.php?rest_route=\/wp\/v2\/users\/4"}],"replies":[{"embeddable":true,"href":"https:\/\/artlabor.eyes2k.net\/index.php?rest_route=%2Fwp%2Fv2%2Fcomments&post=227"}],"version-history":[{"count":16,"href":"https:\/\/artlabor.eyes2k.net\/index.php?rest_route=\/wp\/v2\/posts\/227\/revisions"}],"predecessor-version":[{"id":3677,"href":"https:\/\/artlabor.eyes2k.net\/index.php?rest_route=\/wp\/v2\/posts\/227\/revisions\/3677"}],"wp:attachment":[{"href":"https:\/\/artlabor.eyes2k.net\/index.php?rest_route=%2Fwp%2Fv2%2Fmedia&parent=227"}],"wp:term":[{"taxonomy":"category","embeddable":true,"href":"https:\/\/artlabor.eyes2k.net\/index.php?rest_route=%2Fwp%2Fv2%2Fcategories&post=227"},{"taxonomy":"post_tag","embeddable":true,"href":"https:\/\/artlabor.eyes2k.net\/index.php?rest_route=%2Fwp%2Fv2%2Ftags&post=227"}],"curies":[{"name":"wp","href":"https:\/\/api.w.org\/{rel}","templated":true}]}}