{"id":15,"date":"2007-01-15T17:21:31","date_gmt":"2007-01-15T15:21:31","guid":{"rendered":"http:\/\/artlabor.eyes2k.net\/?p=15"},"modified":"2014-02-08T19:24:09","modified_gmt":"2014-02-08T18:24:09","slug":"john-cage-glaubt","status":"publish","type":"post","link":"https:\/\/artlabor.eyes2k.net\/?p=15","title":{"rendered":"John Cage glaubt &#8230;"},"content":{"rendered":"<p>&#8222;Ich glaube, die moderne Kunst hat das Leben zur Kunst gemacht, und jetzt finde ich es an der Zeit, dass man das Leben (mit Leben meine ich hier Dinge wie \u00f6ffentliche Verwaltung, gesellschaftliche Regeln und \u00c4hnliches), die Umwelt und \u00fcberhaupt alles in Kunst verwandelt, anders gesagt, sich ihrer annimmt und aus einem blo\u00dfen Durcheinander etwas schafft, das unsere Existenz erleichtert, anstatt uns alle ungl\u00fccklich zu machen.&#8220;  [Richard Kostelanetz, John Cage im Gespr\u00e4ch, K\u00f6ln: DuMont, 1991, S. 163]  <a href=\"http:\/\/www.kunstundboden.de\/html\/index.php?id=89\">kunstundboden.de<\/a><\/p>\n","protected":false},"excerpt":{"rendered":"<p>&#8222;Ich glaube, die moderne Kunst hat das Leben zur Kunst gemacht, und jetzt finde ich es an der Zeit, dass man das Leben (mit Leben meine ich hier Dinge wie \u00f6ffentliche Verwaltung, gesellschaftliche Regeln und \u00c4hnliches), die Umwelt und \u00fcberhaupt alles in Kunst verwandelt, anders gesagt, sich ihrer annimmt und aus einem blo\u00dfen Durcheinander etwas &hellip; <a href=\"https:\/\/artlabor.eyes2k.net\/?p=15\" class=\"more-link\"><span class=\"screen-reader-text\">John Cage glaubt &#8230;<\/span> weiterlesen <span class=\"meta-nav\">&rarr;<\/span><\/a><\/p>\n","protected":false},"author":3,"featured_media":0,"comment_status":"open","ping_status":"open","sticky":false,"template":"","format":"standard","meta":{"footnotes":""},"categories":[3],"tags":[50,48,45,46,47,49],"class_list":["post-15","post","type-post","status-publish","format-standard","hentry","category-artist","tag-alles-in-kunst-verwandelt","tag-gesellschaftliche-regeln","tag-john-cage","tag-leben-zur-kunst","tag-oeffentliche-verwaltung","tag-richard-kostelanetz"],"_links":{"self":[{"href":"https:\/\/artlabor.eyes2k.net\/index.php?rest_route=\/wp\/v2\/posts\/15","targetHints":{"allow":["GET"]}}],"collection":[{"href":"https:\/\/artlabor.eyes2k.net\/index.php?rest_route=\/wp\/v2\/posts"}],"about":[{"href":"https:\/\/artlabor.eyes2k.net\/index.php?rest_route=\/wp\/v2\/types\/post"}],"author":[{"embeddable":true,"href":"https:\/\/artlabor.eyes2k.net\/index.php?rest_route=\/wp\/v2\/users\/3"}],"replies":[{"embeddable":true,"href":"https:\/\/artlabor.eyes2k.net\/index.php?rest_route=%2Fwp%2Fv2%2Fcomments&post=15"}],"version-history":[{"count":3,"href":"https:\/\/artlabor.eyes2k.net\/index.php?rest_route=\/wp\/v2\/posts\/15\/revisions"}],"predecessor-version":[{"id":621,"href":"https:\/\/artlabor.eyes2k.net\/index.php?rest_route=\/wp\/v2\/posts\/15\/revisions\/621"}],"wp:attachment":[{"href":"https:\/\/artlabor.eyes2k.net\/index.php?rest_route=%2Fwp%2Fv2%2Fmedia&parent=15"}],"wp:term":[{"taxonomy":"category","embeddable":true,"href":"https:\/\/artlabor.eyes2k.net\/index.php?rest_route=%2Fwp%2Fv2%2Fcategories&post=15"},{"taxonomy":"post_tag","embeddable":true,"href":"https:\/\/artlabor.eyes2k.net\/index.php?rest_route=%2Fwp%2Fv2%2Ftags&post=15"}],"curies":[{"name":"wp","href":"https:\/\/api.w.org\/{rel}","templated":true}]}}